{"id":3866,"date":"2016-03-28T17:34:38","date_gmt":"2016-03-28T21:34:38","guid":{"rendered":"http:\/\/www.toldosguaruja.com.br\/site\/?p=3866"},"modified":"2025-05-03T09:01:03","modified_gmt":"2025-05-03T13:01:03","slug":"cobertura-para-carro-policarbonato","status":"publish","type":"post","link":"http:\/\/www.toldosguaruja.com.br\/site\/index.php\/2016\/03\/28\/cobertura-para-carro-policarbonato\/","title":{"rendered":"Policarbonato"},"content":{"rendered":"\n<figure class=\"wp-block-image size-large\"><a href=\"http:\/\/www.toldosguaruja.com.br\/site\/wp-content\/uploads\/2016\/03\/WhatsApp-Image-2025-05-03-at-09.00.22.jpeg\"><img data-attachment-id=\"5363\" data-permalink=\"http:\/\/www.toldosguaruja.com.br\/site\/index.php\/2016\/03\/28\/cobertura-para-carro-policarbonato\/whatsapp-image-2025-05-03-at-09-00-22\/\" data-orig-file=\"http:\/\/www.toldosguaruja.com.br\/site\/wp-content\/uploads\/2016\/03\/WhatsApp-Image-2025-05-03-at-09.00.22.jpeg\" data-orig-size=\"1080,1080\" data-comments-opened=\"0\" data-image-meta=\"{&quot;aperture&quot;:&quot;0&quot;,&quot;credit&quot;:&quot;&quot;,&quot;camera&quot;:&quot;&quot;,&quot;caption&quot;:&quot;&quot;,&quot;created_timestamp&quot;:&quot;0&quot;,&quot;copyright&quot;:&quot;&quot;,&quot;focal_length&quot;:&quot;0&quot;,&quot;iso&quot;:&quot;0&quot;,&quot;shutter_speed&quot;:&quot;0&quot;,&quot;title&quot;:&quot;&quot;,&quot;orientation&quot;:&quot;0&quot;}\" data-image-title=\"WhatsApp Image 2025-05-03 at 09.00.22\" data-image-description=\"\" data-image-caption=\"\" data-medium-file=\"http:\/\/www.toldosguaruja.com.br\/site\/wp-content\/uploads\/2016\/03\/WhatsApp-Image-2025-05-03-at-09.00.22-300x300.jpeg\" data-large-file=\"http:\/\/www.toldosguaruja.com.br\/site\/wp-content\/uploads\/2016\/03\/WhatsApp-Image-2025-05-03-at-09.00.22-1024x1024.jpeg\" decoding=\"async\" loading=\"lazy\" width=\"1024\" height=\"1024\" src=\"http:\/\/www.toldosguaruja.com.br\/site\/wp-content\/uploads\/2016\/03\/WhatsApp-Image-2025-05-03-at-09.00.22-1024x1024.jpeg\" alt=\"\" class=\"wp-image-5363\" srcset=\"http:\/\/www.toldosguaruja.com.br\/site\/wp-content\/uploads\/2016\/03\/WhatsApp-Image-2025-05-03-at-09.00.22-1024x1024.jpeg 1024w, http:\/\/www.toldosguaruja.com.br\/site\/wp-content\/uploads\/2016\/03\/WhatsApp-Image-2025-05-03-at-09.00.22-300x300.jpeg 300w, http:\/\/www.toldosguaruja.com.br\/site\/wp-content\/uploads\/2016\/03\/WhatsApp-Image-2025-05-03-at-09.00.22-150x150.jpeg 150w, http:\/\/www.toldosguaruja.com.br\/site\/wp-content\/uploads\/2016\/03\/WhatsApp-Image-2025-05-03-at-09.00.22-768x768.jpeg 768w, http:\/\/www.toldosguaruja.com.br\/site\/wp-content\/uploads\/2016\/03\/WhatsApp-Image-2025-05-03-at-09.00.22.jpeg 1080w\" sizes=\"(max-width: 1024px) 100vw, 1024px\" \/><\/a><\/figure>\n\n\n<p>\u00a0<\/p>\n<div tabindex=\"0\" class=\"cycloneslider cycloneslider-template-standard cycloneslider-width-responsive\" id=\"cycloneslider-policarbonato-1\" style=\"max-width:960px\" > <div class=\"cycloneslider-slides cycle-slideshow\" data-cycle-allow-wrap=\"true\" data-cycle-dynamic-height=\"off\" data-cycle-auto-height=\"960:600\" data-cycle-auto-height-easing=\"null\" data-cycle-auto-height-speed=\"250\" data-cycle-delay=\"0\" data-cycle-easing=\"\" data-cycle-fx=\"fade\" data-cycle-hide-non-active=\"true\" data-cycle-log=\"false\" data-cycle-next=\"#cycloneslider-policarbonato-1 .cycloneslider-next\" data-cycle-pager=\"#cycloneslider-policarbonato-1 .cycloneslider-pager\" data-cycle-pause-on-hover=\"true\" data-cycle-prev=\"#cycloneslider-policarbonato-1 .cycloneslider-prev\" data-cycle-slides=\"&gt; div\" data-cycle-speed=\"1000\" data-cycle-swipe=\"1\" data-cycle-tile-count=\"7\" data-cycle-tile-delay=\"100\" data-cycle-tile-vertical=\"true\" data-cycle-timeout=\"4000\" > <div class=\"cycloneslider-slide cycloneslider-slide-image\" > <img src=\"http:\/\/www.toldosguaruja.com.br\/site\/wp-content\/uploads\/2017\/04\/Cobertura-em-Policarbonato-960x600.jpg\" alt=\"\" title=\"\" \/> <\/div> <div class=\"cycloneslider-slide cycloneslider-slide-image\" > <img src=\"http:\/\/www.toldosguaruja.com.br\/site\/wp-content\/uploads\/2017\/04\/IMG_20140610_081001-960x600.jpg\" alt=\"\" title=\"\" \/> <\/div> <div class=\"cycloneslider-slide cycloneslider-slide-image\" > <img src=\"http:\/\/www.toldosguaruja.com.br\/site\/wp-content\/uploads\/2017\/04\/IMG_20151113_144124433_HDR-960x600.jpg\" alt=\"\" title=\"\" \/> <\/div> <div class=\"cycloneslider-slide cycloneslider-slide-image\" > <img src=\"http:\/\/www.toldosguaruja.com.br\/site\/wp-content\/uploads\/2017\/04\/IMG_20151113_144218337_HDR-960x600.jpg\" alt=\"\" title=\"\" \/> <\/div> <\/div> <div class=\"cycloneslider-pager\"><\/div> <a href=\"#\" class=\"cycloneslider-prev\"> <span class=\"arrow\"><\/span> <\/a> <a href=\"#\" class=\"cycloneslider-next\"> <span class=\"arrow\"><\/span> <\/a> <\/div>\n<p><!--more--><\/p>\n<h3>Sobre o produto<\/h3>\n<p>Produto dispon\u00edvel em 10 cores nos modelos Alveolar com dimens\u00f5es de 4 ou 6 mm, e 9 cores no medelo compacta. Apresentando \u00f3tima est\u00e9tica, nossos produtos em policarbonato impede a passagem da chuva, oferece prote\u00e7\u00e3o aos raios UV e aos granizos. Com dura\u00e7\u00e3o media de 10 anos e garantia de 5 anos, estrutura em alum\u00ednio e diversos modelos.<\/p>\n<p><strong>Dimens\u00f5es:<\/strong> Padronizada na altura de 2.3m e largura de 2.5m, a cobertura para carro pode medir em comprimento 4m, 4.5m, 5m, 5.5m, 6m.<\/p>\n<p>\u00a0<\/p>\n<h3><strong>Confira as dicas de manuten\u00e7\u00e3o e cuidados do seu produto: <a href=\"http:\/\/www.toldosguaruja.com.br\/site\/index.php\/2015\/08\/25\/como-conservar-o-toldo-ou-cobertura\/\"><span style=\"color: #0000ff;\">Click aqui!<\/span><\/a><\/strong><\/h3>\n<p>\u00a0<\/p>\n<p><strong>Diferen\u00e7a vis\u00edvel entre Compacta, Alveolar 4mm e Alveolar 6mm:<\/strong><\/p>\n<div tabindex=\"0\" class=\"cycloneslider cycloneslider-template-standard cycloneslider-width-responsive\" id=\"cycloneslider-diferenca-policarbonato-2\" style=\"max-width:960px\" > <div class=\"cycloneslider-slides cycle-slideshow\" data-cycle-allow-wrap=\"true\" data-cycle-dynamic-height=\"off\" data-cycle-auto-height=\"960:600\" data-cycle-auto-height-easing=\"null\" data-cycle-auto-height-speed=\"250\" data-cycle-delay=\"0\" data-cycle-easing=\"\" data-cycle-fx=\"fade\" data-cycle-hide-non-active=\"true\" data-cycle-log=\"false\" data-cycle-next=\"#cycloneslider-diferenca-policarbonato-2 .cycloneslider-next\" data-cycle-pager=\"#cycloneslider-diferenca-policarbonato-2 .cycloneslider-pager\" data-cycle-pause-on-hover=\"true\" data-cycle-prev=\"#cycloneslider-diferenca-policarbonato-2 .cycloneslider-prev\" data-cycle-slides=\"&gt; div\" data-cycle-speed=\"1000\" data-cycle-swipe=\"1\" data-cycle-tile-count=\"7\" data-cycle-tile-delay=\"100\" data-cycle-tile-vertical=\"true\" data-cycle-timeout=\"4000\" > <div class=\"cycloneslider-slide cycloneslider-slide-image\" > <img src=\"http:\/\/www.toldosguaruja.com.br\/site\/wp-content\/uploads\/2017\/04\/WhatsApp-Image-2017-04-24-at-16.22.112-960x600.jpg\" alt=\"\" title=\"\" \/> <\/div> <div class=\"cycloneslider-slide cycloneslider-slide-image\" > <img src=\"http:\/\/www.toldosguaruja.com.br\/site\/wp-content\/uploads\/2017\/04\/WhatsApp-Image-2017-04-24-at-16.07.49-3-960x600.jpg\" alt=\"\" title=\"\" \/> <\/div> <\/div> <div class=\"cycloneslider-pager\"><\/div> <a href=\"#\" class=\"cycloneslider-prev\"> <span class=\"arrow\"><\/span> <\/a> <a href=\"#\" class=\"cycloneslider-next\"> <span class=\"arrow\"><\/span> <\/a> <\/div>\n<p>\u00a0<\/p>\n<p><strong>Conhe\u00e7a o Policarbonato:<\/strong><\/p>\n<div tabindex=\"0\" class=\"cycloneslider cycloneslider-template-dark cycloneslider-width-responsive\" id=\"cycloneslider-video-policarbonato-3\" style=\"max-width:960px\" > <div class=\"cycloneslider-slides cycle-slideshow\" data-cycle-allow-wrap=\"true\" data-cycle-dynamic-height=\"off\" data-cycle-auto-height=\"960:600\" data-cycle-auto-height-easing=\"null\" data-cycle-auto-height-speed=\"250\" data-cycle-delay=\"0\" data-cycle-easing=\"\" data-cycle-fx=\"fade\" data-cycle-hide-non-active=\"false\" data-cycle-log=\"false\" data-cycle-next=\"#cycloneslider-video-policarbonato-3 .cycloneslider-next\" data-cycle-pager=\"#cycloneslider-video-policarbonato-3 .cycloneslider-pager\" data-cycle-pause-on-hover=\"true\" data-cycle-prev=\"#cycloneslider-video-policarbonato-3 .cycloneslider-prev\" data-cycle-slides=\"&gt; div\" data-cycle-speed=\"1000\" data-cycle-swipe=\"1\" data-cycle-tile-count=\"7\" data-cycle-tile-delay=\"100\" data-cycle-tile-vertical=\"true\" data-cycle-timeout=\"4000\" > <div class=\"cycloneslider-slide cycloneslider-slide-youtube\" style=\"padding-bottom:62.5%\"> <iframe id=\"cycloneslider-video-policarbonato-3-iframe-0\" width=\"960\" height=\"600\" src=\"\/\/www.youtube.com\/embed\/Yki5VPR83UQ?wmode=transparent\" frameborder=\"0\" allowfullscreen><\/iframe> <\/div> <\/div> <div class=\"cycloneslider-pager\"><\/div> <a href=\"#\" class=\"cycloneslider-prev\"> <span class=\"arrow\"><\/span> <\/a> <a href=\"#\" class=\"cycloneslider-next\"> <span class=\"arrow\"><\/span> <\/a> <\/div>\n<p>\u00a0<\/p>","protected":false},"excerpt":{"rendered":"<p>\u00a0<\/p>\n","protected":false},"author":2,"featured_media":0,"comment_status":"closed","ping_status":"closed","sticky":false,"template":"","format":"standard","meta":{"jetpack_post_was_ever_published":false,"jetpack_publicize_message":"","jetpack_is_tweetstorm":false,"jetpack_publicize_feature_enabled":true},"categories":[9],"tags":[],"jetpack_publicize_connections":[],"jetpack_featured_media_url":"","jetpack_sharing_enabled":true,"jetpack_shortlink":"https:\/\/wp.me\/p7rfEu-10m","jetpack-related-posts":[{"id":1524,"url":"http:\/\/www.toldosguaruja.com.br\/site\/index.php\/2013\/07\/25\/cobertura-para-carro-lona\/","url_meta":{"origin":3866,"position":0},"title":"Lona","date":"25\/07\/2013","format":false,"excerpt":"\u00a0 \u00a0 Sobre o Produto As lonas de PVC s\u00e3o produzidas a partir de diversos componentes qu\u00edmicos. S\u00e3o resinas, \u00f3leos plastificantes, pigmentos e outros, que comp\u00f5em uma receita que define sua qualidade. Todas as lonas recebem aditivos que protegem a resist\u00eancia da produto contra os raios UV, a perda natural\u2026","rel":"","context":"Em &quot;Coberturas Individuais para Carro&quot;","img":{"alt_text":"","src":"","width":0,"height":0},"classes":[]},{"id":5135,"url":"http:\/\/www.toldosguaruja.com.br\/site\/index.php\/2019\/01\/16\/policarbonato-compacto\/","url_meta":{"origin":3866,"position":1},"title":"Policarbonato Compacto","date":"16\/01\/2019","format":false,"excerpt":"Semelhante ao vidro laminado\/Temperado mas com metade do peso deste, o policarbonato compacto \u00e9 a solu\u00e7\u00e3o ideal para substituir o vidro em v\u00e1rios projetos, reduzindo custos com estruturas, facilitando a instala\u00e7\u00e3o e proporcionando maior seguran\u00e7a.","rel":"","context":"Em &quot;Policarbonato&quot;","img":{"alt_text":"","src":"https:\/\/i0.wp.com\/www.toldosguaruja.com.br\/site\/wp-content\/uploads\/2019\/01\/IMG-20180503-WA0032.jpg?resize=350%2C200","width":350,"height":200},"classes":[]},{"id":4114,"url":"http:\/\/www.toldosguaruja.com.br\/site\/index.php\/2016\/06\/15\/toldo-vertical-com-tela-de-pvc-2\/","url_meta":{"origin":3866,"position":2},"title":"Erect","date":"15\/06\/2016","format":false,"excerpt":"\u00a0 \u00a0 Sobre o Produto O modelo vertical, toldo Erect, \u00e9 de exclusividade da Toldos Guaruj\u00e1, com acionamento manual com mola ou manivela, nossos toldos s\u00e3o disponibilizados em diversas cores e materiais para aderir e harmonizar com o ambiente. \u00a0 Acionamento manual com manivela: Permite que o toldo pare na\u2026","rel":"","context":"Em &quot;Toldos Verticais&quot;","img":{"alt_text":"","src":"https:\/\/i0.wp.com\/www.toldosguaruja.com.br\/site\/wp-content\/uploads\/2016\/06\/WhatsApp-Image-2017-12-22-at-08.00.35.jpg?resize=350%2C200","width":350,"height":200},"classes":[]},{"id":2455,"url":"http:\/\/www.toldosguaruja.com.br\/site\/index.php\/2015\/11\/03\/policarbonato-para-pergolato\/","url_meta":{"origin":3866,"position":3},"title":"Policarbonato para Pergolado","date":"03\/11\/2015","format":false,"excerpt":"\u00a0 \u00a0 Prote\u00e7\u00e3o e qualidade\u00a0combinados com o design do seu espa\u00e7o. \u00a0","rel":"","context":"Em &quot;Policarbonato&quot;","img":{"alt_text":"","src":"https:\/\/i0.wp.com\/www.toldosguaruja.com.br\/site\/wp-content\/uploads\/2015\/11\/20180124_110431.jpg?resize=350%2C200","width":350,"height":200},"classes":[]},{"id":2310,"url":"http:\/\/www.toldosguaruja.com.br\/site\/index.php\/2015\/05\/25\/policarbonatos-alveolares\/","url_meta":{"origin":3866,"position":4},"title":"Policarbonatos Alveolares","date":"25\/05\/2015","format":false,"excerpt":"\u00a0 Possui um material leve, resistente e ideal para aplica\u00e7\u00f5es que exijam ilumina\u00e7\u00e3o natural. Esta chapa possui tratamento UV em uma das duas faces, o que gera o prolongamento da vida \u00fatil e resistente quanto ao desbotamento. Caracter\u00edsticas das Chapas de Policarbonato Alveolar: \u00d3tima Transmiss\u00e3o de Luz. - 86% mais\u2026","rel":"","context":"Em &quot;Policarbonato&quot;","img":{"alt_text":"","src":"https:\/\/i0.wp.com\/www.toldosguaruja.com.br\/site\/wp-content\/uploads\/2015\/05\/20180515_105918.jpg?resize=350%2C200","width":350,"height":200},"classes":[]},{"id":2327,"url":"http:\/\/www.toldosguaruja.com.br\/site\/index.php\/2015\/08\/25\/como-conservar-o-toldo-ou-cobertura\/","url_meta":{"origin":3866,"position":5},"title":"Como conservar o toldo ou cobertura","date":"25\/08\/2015","format":false,"excerpt":"Fazer periodicamente a\u00a0manuten\u00e7\u00e3o e limpeza do toldo ou cobertura\u00a0\u00e9 fundamental para preserv\u00e1-los, aumentando a vida \u00fatil do equipamento. \u00a0 SEGUE ABAIXO AS INSTRU\u00c7\u00d5ES Toldo fixo de tecido ou lona:\u00a0Deve-se usar uma escova de\u00a0cerdas embebido em uma mistura de \u00e1gua e detergente. Use um balde com um litro de \u00e1gua e\u2026","rel":"","context":"Em &quot;Conserva\u00e7\u00e3o do produto&quot;","img":{"alt_text":"","src":"","width":0,"height":0},"classes":[]}],"_links":{"self":[{"href":"http:\/\/www.toldosguaruja.com.br\/site\/index.php\/wp-json\/wp\/v2\/posts\/3866"}],"collection":[{"href":"http:\/\/www.toldosguaruja.com.br\/site\/index.php\/wp-json\/wp\/v2\/posts"}],"about":[{"href":"http:\/\/www.toldosguaruja.com.br\/site\/index.php\/wp-json\/wp\/v2\/types\/post"}],"author":[{"embeddable":true,"href":"http:\/\/www.toldosguaruja.com.br\/site\/index.php\/wp-json\/wp\/v2\/users\/2"}],"replies":[{"embeddable":true,"href":"http:\/\/www.toldosguaruja.com.br\/site\/index.php\/wp-json\/wp\/v2\/comments?post=3866"}],"version-history":[{"count":20,"href":"http:\/\/www.toldosguaruja.com.br\/site\/index.php\/wp-json\/wp\/v2\/posts\/3866\/revisions"}],"predecessor-version":[{"id":5365,"href":"http:\/\/www.toldosguaruja.com.br\/site\/index.php\/wp-json\/wp\/v2\/posts\/3866\/revisions\/5365"}],"wp:attachment":[{"href":"http:\/\/www.toldosguaruja.com.br\/site\/index.php\/wp-json\/wp\/v2\/media?parent=3866"}],"wp:term":[{"taxonomy":"category","embeddable":true,"href":"http:\/\/www.toldosguaruja.com.br\/site\/index.php\/wp-json\/wp\/v2\/categories?post=3866"},{"taxonomy":"post_tag","embeddable":true,"href":"http:\/\/www.toldosguaruja.com.br\/site\/index.php\/wp-json\/wp\/v2\/tags?post=3866"}],"curies":[{"name":"wp","href":"https:\/\/api.w.org\/{rel}","templated":true}]}}