{"id":1376,"date":"2012-06-28T15:06:10","date_gmt":"2012-06-28T15:06:10","guid":{"rendered":"http:\/\/www.toldosguaruja.com.br\/site\/?p=1376"},"modified":"2019-01-16T12:51:10","modified_gmt":"2019-01-16T16:51:10","slug":"tela-de-sombreamento-5","status":"publish","type":"post","link":"http:\/\/www.toldosguaruja.com.br\/site\/index.php\/2012\/06\/28\/tela-de-sombreamento-5\/","title":{"rendered":"Pilar em T"},"content":{"rendered":"<p>&nbsp;<\/p>\n<div tabindex=\"0\" class=\"cycloneslider cycloneslider-template-standard cycloneslider-width-responsive\" id=\"cycloneslider-pilar-em-t-1\" style=\"max-width:960px\" > <div class=\"cycloneslider-slides cycle-slideshow\" data-cycle-allow-wrap=\"true\" data-cycle-dynamic-height=\"off\" data-cycle-auto-height=\"960:600\" data-cycle-auto-height-easing=\"null\" data-cycle-auto-height-speed=\"250\" data-cycle-delay=\"0\" data-cycle-easing=\"\" data-cycle-fx=\"fade\" data-cycle-hide-non-active=\"true\" data-cycle-log=\"false\" data-cycle-next=\"#cycloneslider-pilar-em-t-1 .cycloneslider-next\" data-cycle-pager=\"#cycloneslider-pilar-em-t-1 .cycloneslider-pager\" data-cycle-pause-on-hover=\"true\" data-cycle-prev=\"#cycloneslider-pilar-em-t-1 .cycloneslider-prev\" data-cycle-slides=\"&gt; div\" data-cycle-speed=\"1000\" data-cycle-swipe=\"1\" data-cycle-tile-count=\"7\" data-cycle-tile-delay=\"100\" data-cycle-tile-vertical=\"true\" data-cycle-timeout=\"4000\" > <div class=\"cycloneslider-slide cycloneslider-slide-image\" > <img src=\"http:\/\/www.toldosguaruja.com.br\/site\/wp-content\/uploads\/2012\/06\/20150703075404-960x600.jpg\" alt=\"\" title=\"\" \/> <\/div> <div class=\"cycloneslider-slide cycloneslider-slide-image\" > <img src=\"http:\/\/www.toldosguaruja.com.br\/site\/wp-content\/uploads\/2012\/06\/nokia-02.11.2009-434-960x600.jpg\" alt=\"\" title=\"\" \/> <\/div> <div class=\"cycloneslider-slide cycloneslider-slide-image\" > <img src=\"http:\/\/www.toldosguaruja.com.br\/site\/wp-content\/uploads\/2012\/06\/3bcc7f0a-e63a-41be-9a60-525480fefc1b-960x600.jpg\" alt=\"\" title=\"\" \/> <\/div> <div class=\"cycloneslider-slide cycloneslider-slide-image\" > <img src=\"http:\/\/www.toldosguaruja.com.br\/site\/wp-content\/uploads\/2012\/06\/B1-11-960x600.jpg\" alt=\"\" title=\"\" \/> <\/div> <div class=\"cycloneslider-slide cycloneslider-slide-image\" > <img src=\"http:\/\/www.toldosguaruja.com.br\/site\/wp-content\/uploads\/2012\/06\/6fa4d931-7757-4abb-b01f-f207fcfaa8f7-960x600.jpg\" alt=\"\" title=\"\" \/> <\/div> <div class=\"cycloneslider-slide cycloneslider-slide-image\" > <img src=\"http:\/\/www.toldosguaruja.com.br\/site\/wp-content\/uploads\/2012\/06\/20150511_103631-1-960x600.jpg\" alt=\"\" title=\"\" \/> <\/div> <div class=\"cycloneslider-slide cycloneslider-slide-image\" > <img src=\"http:\/\/www.toldosguaruja.com.br\/site\/wp-content\/uploads\/2012\/06\/20150601054750-2-960x600.jpg\" alt=\"\" title=\"\" \/> <\/div> <div class=\"cycloneslider-slide cycloneslider-slide-image\" > <img src=\"http:\/\/www.toldosguaruja.com.br\/site\/wp-content\/uploads\/2012\/06\/20150703075934-960x600.jpg\" alt=\"\" title=\"\" \/> <\/div> <div class=\"cycloneslider-slide cycloneslider-slide-image\" > <img src=\"http:\/\/www.toldosguaruja.com.br\/site\/wp-content\/uploads\/2012\/06\/8b69dcf8-a3ec-4af9-af6a-ec95eabf0877-960x600.jpg\" alt=\"\" title=\"\" \/> <\/div> <\/div> <div class=\"cycloneslider-pager\"><\/div> <a href=\"#\" class=\"cycloneslider-prev\"> <span class=\"arrow\"><\/span> <\/a> <a href=\"#\" class=\"cycloneslider-next\"> <span class=\"arrow\"><\/span> <\/a> <\/div>\n<p><img data-attachment-id=\"5175\" data-permalink=\"http:\/\/www.toldosguaruja.com.br\/site\/index.php\/2012\/06\/28\/tela-de-sombreamento-5\/20180302_161604\/\" data-orig-file=\"http:\/\/www.toldosguaruja.com.br\/site\/wp-content\/uploads\/2012\/06\/20180302_161604.jpg\" data-orig-size=\"4608,2864\" data-comments-opened=\"0\" data-image-meta=\"{&quot;aperture&quot;:&quot;1.9&quot;,&quot;credit&quot;:&quot;&quot;,&quot;camera&quot;:&quot;SM-A520F&quot;,&quot;caption&quot;:&quot;&quot;,&quot;created_timestamp&quot;:&quot;1520007364&quot;,&quot;copyright&quot;:&quot;&quot;,&quot;focal_length&quot;:&quot;3.6&quot;,&quot;iso&quot;:&quot;40&quot;,&quot;shutter_speed&quot;:&quot;0.0027548209366391&quot;,&quot;title&quot;:&quot;&quot;,&quot;orientation&quot;:&quot;1&quot;}\" data-image-title=\"20180302_161604\" data-image-description=\"\" data-image-caption=\"\" data-medium-file=\"http:\/\/www.toldosguaruja.com.br\/site\/wp-content\/uploads\/2012\/06\/20180302_161604-300x186.jpg\" data-large-file=\"http:\/\/www.toldosguaruja.com.br\/site\/wp-content\/uploads\/2012\/06\/20180302_161604-1024x636.jpg\" decoding=\"async\" loading=\"lazy\" class=\"alignleft size-full wp-image-5175\" src=\"http:\/\/www.toldosguaruja.com.br\/site\/wp-content\/uploads\/2012\/06\/20180302_161604.jpg\" alt=\"\" width=\"4608\" height=\"2864\" data-id=\"5175\" srcset=\"http:\/\/www.toldosguaruja.com.br\/site\/wp-content\/uploads\/2012\/06\/20180302_161604.jpg 4608w, http:\/\/www.toldosguaruja.com.br\/site\/wp-content\/uploads\/2012\/06\/20180302_161604-300x186.jpg 300w, http:\/\/www.toldosguaruja.com.br\/site\/wp-content\/uploads\/2012\/06\/20180302_161604-768x477.jpg 768w, http:\/\/www.toldosguaruja.com.br\/site\/wp-content\/uploads\/2012\/06\/20180302_161604-1024x636.jpg 1024w\" sizes=\"(max-width: 4608px) 100vw, 4608px\" \/> <img data-attachment-id=\"5176\" data-permalink=\"http:\/\/www.toldosguaruja.com.br\/site\/index.php\/2012\/06\/28\/tela-de-sombreamento-5\/20180302_161731\/\" data-orig-file=\"http:\/\/www.toldosguaruja.com.br\/site\/wp-content\/uploads\/2012\/06\/20180302_161731.jpg\" data-orig-size=\"4608,2960\" data-comments-opened=\"0\" data-image-meta=\"{&quot;aperture&quot;:&quot;1.9&quot;,&quot;credit&quot;:&quot;&quot;,&quot;camera&quot;:&quot;SM-A520F&quot;,&quot;caption&quot;:&quot;&quot;,&quot;created_timestamp&quot;:&quot;1520007451&quot;,&quot;copyright&quot;:&quot;&quot;,&quot;focal_length&quot;:&quot;3.6&quot;,&quot;iso&quot;:&quot;40&quot;,&quot;shutter_speed&quot;:&quot;0.00390625&quot;,&quot;title&quot;:&quot;&quot;,&quot;orientation&quot;:&quot;1&quot;}\" data-image-title=\"20180302_161731\" data-image-description=\"\" data-image-caption=\"\" data-medium-file=\"http:\/\/www.toldosguaruja.com.br\/site\/wp-content\/uploads\/2012\/06\/20180302_161731-300x193.jpg\" data-large-file=\"http:\/\/www.toldosguaruja.com.br\/site\/wp-content\/uploads\/2012\/06\/20180302_161731-1024x658.jpg\" decoding=\"async\" loading=\"lazy\" class=\"alignleft size-full wp-image-5176\" src=\"http:\/\/www.toldosguaruja.com.br\/site\/wp-content\/uploads\/2012\/06\/20180302_161731.jpg\" alt=\"\" width=\"4608\" height=\"2960\" data-id=\"5176\" srcset=\"http:\/\/www.toldosguaruja.com.br\/site\/wp-content\/uploads\/2012\/06\/20180302_161731.jpg 4608w, http:\/\/www.toldosguaruja.com.br\/site\/wp-content\/uploads\/2012\/06\/20180302_161731-300x193.jpg 300w, http:\/\/www.toldosguaruja.com.br\/site\/wp-content\/uploads\/2012\/06\/20180302_161731-768x493.jpg 768w, http:\/\/www.toldosguaruja.com.br\/site\/wp-content\/uploads\/2012\/06\/20180302_161731-1024x658.jpg 1024w\" sizes=\"(max-width: 4608px) 100vw, 4608px\" \/><\/p>\n<p>&nbsp;<\/p>\n<p><!--more--><\/p>\n<p>&nbsp;<\/p>\n<p>Nossas Telas de Sombreamento s\u00e3o produzidas para oferecer prote\u00e7\u00e3o contra o calor e os raios UV solares. Usada para cobertura de estacionamento e \u00e1reas de lazer.<\/p>\n<p>As telas Multiuso apresentam excelente versatilidade para se adequar ao diferentes projetos arquitet\u00f4nicos. Possu\u00edmos uma linha de cores para tematizar o ambiente.<\/p>\n<p>Produzidas em polietileno de densidade, as telas possuem grande resist\u00eancia mec\u00e2nica. Por permitirem a circula\u00e7\u00e3o de ar, n\u00e3o acumulam calor, assegurando uma sensa\u00e7\u00e3o de frescor e reduzindo a temperatura.<\/p>\n<p>&nbsp;<\/p>\n<p><strong>CORES E INFORMA\u00c7\u00d5ES<\/strong><\/p>\n<p><strong>Cores SombraForte<\/strong><\/p>\n<p><img data-attachment-id=\"4639\" data-permalink=\"http:\/\/www.toldosguaruja.com.br\/site\/index.php\/2012\/06\/28\/tela-de-sombreamento-5\/cores\/\" data-orig-file=\"http:\/\/www.toldosguaruja.com.br\/site\/wp-content\/uploads\/2012\/06\/cores.jpg\" data-orig-size=\"1021,854\" data-comments-opened=\"0\" data-image-meta=\"{&quot;aperture&quot;:&quot;0&quot;,&quot;credit&quot;:&quot;&quot;,&quot;camera&quot;:&quot;&quot;,&quot;caption&quot;:&quot;&quot;,&quot;created_timestamp&quot;:&quot;0&quot;,&quot;copyright&quot;:&quot;&quot;,&quot;focal_length&quot;:&quot;0&quot;,&quot;iso&quot;:&quot;0&quot;,&quot;shutter_speed&quot;:&quot;0&quot;,&quot;title&quot;:&quot;&quot;,&quot;orientation&quot;:&quot;0&quot;}\" data-image-title=\"cores\" data-image-description=\"\" data-image-caption=\"\" data-medium-file=\"http:\/\/www.toldosguaruja.com.br\/site\/wp-content\/uploads\/2012\/06\/cores-300x251.jpg\" data-large-file=\"http:\/\/www.toldosguaruja.com.br\/site\/wp-content\/uploads\/2012\/06\/cores.jpg\" decoding=\"async\" loading=\"lazy\" class=\"aligncenter wp-image-4639\" src=\"http:\/\/www.toldosguaruja.com.br\/site\/wp-content\/uploads\/2012\/06\/cores-1000x836-custom.jpg\" alt=\"\" width=\"900\" height=\"753\" data-id=\"4639\" \/>Prote\u00e7\u00e3o contra UV<\/p>\n<ul>\n<li><span style=\"color: #ffff00;\">AMARELO<\/span> \u00a0 \u00a083%<\/li>\n<li><span style=\"color: #0000ff;\">AZUL<\/span> \u00a0 \u00a0\u00a084%<\/li>\n<li><span style=\"color: #0000ff;\">AZUL<\/span>\/<span style=\"color: #000000;\">PRETO \u00a0 \u00a0<span style=\"color: #333333;\">8<\/span><\/span>6%<\/li>\n<li>BEGE \u00a0 \u00a0%<\/li>\n<li><span style=\"color: #ff6600;\">LARANJA \u00a0 \u00a0<span style=\"color: #333333;\">83%<\/span><\/span><\/li>\n<li><span style=\"color: #999999;\"><span style=\"color: #b3afaf;\">PRATA<\/span> \u00a0 \u00a0<\/span>86%<\/li>\n<li><span style=\"color: #000000;\">PRETO \u00a0 \u00a0<\/span>90%<\/li>\n<li><span style=\"color: #008000;\">VERDE \u00a0 \u00a0<span style=\"color: #333333;\">86%<\/span><\/span><\/li>\n<li><span style=\"color: #008000;\">VERDE<\/span>\/<span style=\"color: #000000;\">PRETO \u00a0 \u00a0<\/span>86%<\/li>\n<li><span style=\"color: #ff0000;\">VERMELHO \u00a0 \u00a0<span style=\"color: #333333;\">86%<\/span><\/span><\/li>\n<li><span style=\"color: #ff0000;\">VERMELHO<\/span>\/<span style=\"color: #000000;\">PRETO \u00a0 \u00a0<\/span>86%<\/li>\n<li><span style=\"color: #008000;\">VERDE<\/span>\/<span style=\"color: #000000;\">PRETO \u00a0 \u00a0<\/span>86%<\/li>\n<\/ul>\n<p>&nbsp;<\/p>\n<p><strong>Cores Premium<\/strong><\/p>\n<p><img data-attachment-id=\"4640\" data-permalink=\"http:\/\/www.toldosguaruja.com.br\/site\/index.php\/2012\/06\/28\/tela-de-sombreamento-5\/telas-premium\/\" data-orig-file=\"http:\/\/www.toldosguaruja.com.br\/site\/wp-content\/uploads\/2012\/06\/telas-Premium.jpg\" data-orig-size=\"868,1005\" data-comments-opened=\"0\" data-image-meta=\"{&quot;aperture&quot;:&quot;0&quot;,&quot;credit&quot;:&quot;&quot;,&quot;camera&quot;:&quot;&quot;,&quot;caption&quot;:&quot;&quot;,&quot;created_timestamp&quot;:&quot;0&quot;,&quot;copyright&quot;:&quot;&quot;,&quot;focal_length&quot;:&quot;0&quot;,&quot;iso&quot;:&quot;0&quot;,&quot;shutter_speed&quot;:&quot;0&quot;,&quot;title&quot;:&quot;&quot;,&quot;orientation&quot;:&quot;0&quot;}\" data-image-title=\"telas Premium\" data-image-description=\"\" data-image-caption=\"\" data-medium-file=\"http:\/\/www.toldosguaruja.com.br\/site\/wp-content\/uploads\/2012\/06\/telas-Premium-259x300.jpg\" data-large-file=\"http:\/\/www.toldosguaruja.com.br\/site\/wp-content\/uploads\/2012\/06\/telas-Premium.jpg\" decoding=\"async\" loading=\"lazy\" class=\"wp-image-4640 aligncenter\" src=\"http:\/\/www.toldosguaruja.com.br\/site\/wp-content\/uploads\/2012\/06\/telas-Premium.jpg\" alt=\"\" width=\"900\" height=\"1042\" data-id=\"4640\" srcset=\"http:\/\/www.toldosguaruja.com.br\/site\/wp-content\/uploads\/2012\/06\/telas-Premium.jpg 868w, http:\/\/www.toldosguaruja.com.br\/site\/wp-content\/uploads\/2012\/06\/telas-Premium-259x300.jpg 259w, http:\/\/www.toldosguaruja.com.br\/site\/wp-content\/uploads\/2012\/06\/telas-Premium-768x889.jpg 768w\" sizes=\"(max-width: 900px) 100vw, 900px\" \/><\/p>\n<p>Prote\u00e7\u00e3o contra UV<\/p>\n<ul>\n<li><span style=\"color: #de7931;\">TERRACOTA \u00a0 \u00a0<\/span>88%<\/li>\n<li><span style=\"color: #f5daa2;\">AREIA \u00a0 \u00a0<\/span>89%<\/li>\n<li><span style=\"color: #e8c89b;\">SEIXO \u00a0 \u00a0<\/span>89%<\/li>\n<li><span style=\"color: #e8bc87;\">DUNA \u00a0 \u00a0<\/span>89%<\/li>\n<li><span style=\"color: #bd9060;\">SAP\u00c9 \u00a0 \u00a0<\/span>89%<\/li>\n<li><span style=\"color: #947237;\">AMBAR \u00a0 \u00a0<\/span>89%<\/li>\n<li><span style=\"color: #6e4d35;\">JUTA \u00a0 \u00a0<\/span>91%<\/li>\n<li><span style=\"color: #457037;\">VERDE \u00a0MAR \u00a0 \u00a0<\/span>92%<\/li>\n<li><span style=\"color: #262525;\">GALA \u00a0 \u00a0<\/span>93%<\/li>\n<li><span style=\"color: #79797a;\">REFLEXO \u00a0 \u00a0<\/span>86%<\/li>\n<li><span style=\"color: #bfd9d6;\">LUA CLARA \u00a0 \u00a0<\/span>85%<\/li>\n<li><span style=\"color: #38b1b5;\">AZUL DO C\u00c9U \u00a0 \u00a0<\/span>89%<\/li>\n<li><span style=\"color: #222494;\">JEANS \u00a0 \u00a0<\/span>89%<\/li>\n<\/ul>\n<h3><strong>Confira as dicas de manuten\u00e7\u00e3o e cuidados do seu produto: <a href=\"http:\/\/www.toldosguaruja.com.br\/site\/index.php\/2015\/08\/25\/como-conservar-o-toldo-ou-cobertura\/\"><span style=\"color: #0000ff;\">Click aqui!<\/span><\/a><\/strong><\/h3>\n","protected":false},"excerpt":{"rendered":"<p>&nbsp; &nbsp;<\/p>\n","protected":false},"author":2,"featured_media":0,"comment_status":"closed","ping_status":"closed","sticky":false,"template":"","format":"standard","meta":{"jetpack_post_was_ever_published":false,"jetpack_publicize_message":"","jetpack_is_tweetstorm":false,"jetpack_publicize_feature_enabled":true},"categories":[7],"tags":[],"jetpack_publicize_connections":[],"jetpack_featured_media_url":"","jetpack_sharing_enabled":true,"jetpack_shortlink":"https:\/\/wp.me\/p7rfEu-mc","jetpack-related-posts":[{"id":1024,"url":"http:\/\/www.toldosguaruja.com.br\/site\/index.php\/2012\/04\/16\/pilar-em-l-2\/","url_meta":{"origin":1376,"position":0},"title":"Pilar em L","date":"16\/04\/2012","format":false,"excerpt":"Nossas Telas de Sombreamento s\u00e3o produzidas para oferecer prote\u00e7\u00e3o contra o calor e os raios UV solares. Usada para cobertura de estacionamento e \u00e1reas de lazer. As telas Multiuso apresentam excelente versatilidade para se adequar ao diferentes projetos arquitet\u00f4nicos. Possu\u00edmos uma linha de cores para tematizar o ambiente. Produzidas em\u2026","rel":"","context":"Em &quot;Telas de Sombreamento&quot;","img":{"alt_text":"","src":"https:\/\/i0.wp.com\/www.toldosguaruja.com.br\/site\/wp-content\/uploads\/2012\/04\/WhatsApp-Image-2025-04-26-at-12.55.21.jpeg?resize=350%2C200","width":350,"height":200},"classes":[]},{"id":4746,"url":"http:\/\/www.toldosguaruja.com.br\/site\/index.php\/2017\/04\/20\/cobertura-para-carro-tela\/","url_meta":{"origin":1376,"position":1},"title":"Sombreamento Individual","date":"20\/04\/2017","format":false,"excerpt":"\u00a0 \u00a0 \u00a0 \u00a0 Nossas Telas de Sombreamento s\u00e3o produzidas para oferecer prote\u00e7\u00e3o contra o calor e os raios UV solares. Usada para cobertura de estacionamento e \u00e1reas de lazer. As telas Multiuso apresentam excelente versatilidade para se adequar ao diferentes projetos arquitet\u00f4nicos. Possu\u00edmos uma linha de cores para tematizar\u2026","rel":"","context":"Em &quot;Coberturas Individuais para Carro&quot;","img":{"alt_text":"","src":"https:\/\/i0.wp.com\/www.toldosguaruja.com.br\/site\/wp-content\/uploads\/2017\/04\/IMG_20160304_155752648_HDR-1.jpg?resize=350%2C200","width":350,"height":200},"classes":[]},{"id":2304,"url":"http:\/\/www.toldosguaruja.com.br\/site\/index.php\/2015\/05\/25\/com-suporte\/","url_meta":{"origin":1376,"position":2},"title":"Com Suporte","date":"25\/05\/2015","format":false,"excerpt":"\u00a0 \u00a0 Nossas Telas de Sombreamento s\u00e3o produzidas para oferecer prote\u00e7\u00e3o contra o calor e os raios UV solares. Usada para cobertura de estacionamento e \u00e1reas de lazer. As telas Multiuso apresentam excelente versatilidade para se adequar ao diferentes projetos arquitet\u00f4nicos. Possu\u00edmos uma linha de cores para tematizar o ambiente.\u2026","rel":"","context":"Em &quot;Telas de Sombreamento&quot;","img":{"alt_text":"","src":"https:\/\/i0.wp.com\/www.toldosguaruja.com.br\/site\/wp-content\/uploads\/2012\/06\/cores-1000x836-custom.jpg?resize=350%2C200","width":350,"height":200},"classes":[]},{"id":4718,"url":"http:\/\/www.toldosguaruja.com.br\/site\/index.php\/2017\/04\/19\/quatro-pilares\/","url_meta":{"origin":1376,"position":3},"title":"Quatro Pilares","date":"19\/04\/2017","format":false,"excerpt":"\u00a0 \u00a0 Nossas Telas de Sombreamento s\u00e3o produzidas para oferecer prote\u00e7\u00e3o contra o calor e os raios UV solares. Usada para cobertura de estacionamento e \u00e1reas de lazer. As telas Multiuso apresentam excelente versatilidade para se adequar ao diferentes projetos arquitet\u00f4nicos. Possu\u00edmos uma linha de cores para tematizar o ambiente.\u2026","rel":"","context":"Em &quot;Telas de Sombreamento&quot;","img":{"alt_text":"","src":"https:\/\/i0.wp.com\/www.toldosguaruja.com.br\/site\/wp-content\/uploads\/2012\/06\/cores-1000x836-custom.jpg?resize=350%2C200","width":350,"height":200},"classes":[]},{"id":1524,"url":"http:\/\/www.toldosguaruja.com.br\/site\/index.php\/2013\/07\/25\/cobertura-para-carro-lona\/","url_meta":{"origin":1376,"position":4},"title":"Lona","date":"25\/07\/2013","format":false,"excerpt":"\u00a0 \u00a0 Sobre o Produto As lonas de PVC s\u00e3o produzidas a partir de diversos componentes qu\u00edmicos. S\u00e3o resinas, \u00f3leos plastificantes, pigmentos e outros, que comp\u00f5em uma receita que define sua qualidade. Todas as lonas recebem aditivos que protegem a resist\u00eancia da produto contra os raios UV, a perda natural\u2026","rel":"","context":"Em &quot;Coberturas Individuais para Carro&quot;","img":{"alt_text":"","src":"","width":0,"height":0},"classes":[]},{"id":5047,"url":"http:\/\/www.toldosguaruja.com.br\/site\/index.php\/2018\/07\/16\/tenda-uve\/","url_meta":{"origin":1376,"position":5},"title":"Tenda UVE","date":"16\/07\/2018","format":false,"excerpt":"Estrutura em alum\u00ednio para acoplar 2 Toldos Box Ares Max. Indicada para restaurantes, cafeterias, condom\u00ednios e resid\u00eancias, com possibilidade de sombreamento e cobertura de \u00e1reas de at\u00e9 36m\u00b2. Pode ser fixada ao piso, mas apresenta tamb\u00e9m a op\u00e7\u00e3o de rodas \u2013 em nylon com plataforma girat\u00f3ria e dispositivo bloco \u2013\u2026","rel":"","context":"Em &quot;Tendas&quot;","img":{"alt_text":"","src":"https:\/\/i0.wp.com\/www.toldosguaruja.com.br\/site\/wp-content\/uploads\/2018\/07\/uve051-700x356-1.jpg?resize=350%2C200","width":350,"height":200},"classes":[]}],"_links":{"self":[{"href":"http:\/\/www.toldosguaruja.com.br\/site\/index.php\/wp-json\/wp\/v2\/posts\/1376"}],"collection":[{"href":"http:\/\/www.toldosguaruja.com.br\/site\/index.php\/wp-json\/wp\/v2\/posts"}],"about":[{"href":"http:\/\/www.toldosguaruja.com.br\/site\/index.php\/wp-json\/wp\/v2\/types\/post"}],"author":[{"embeddable":true,"href":"http:\/\/www.toldosguaruja.com.br\/site\/index.php\/wp-json\/wp\/v2\/users\/2"}],"replies":[{"embeddable":true,"href":"http:\/\/www.toldosguaruja.com.br\/site\/index.php\/wp-json\/wp\/v2\/comments?post=1376"}],"version-history":[{"count":39,"href":"http:\/\/www.toldosguaruja.com.br\/site\/index.php\/wp-json\/wp\/v2\/posts\/1376\/revisions"}],"predecessor-version":[{"id":5177,"href":"http:\/\/www.toldosguaruja.com.br\/site\/index.php\/wp-json\/wp\/v2\/posts\/1376\/revisions\/5177"}],"wp:attachment":[{"href":"http:\/\/www.toldosguaruja.com.br\/site\/index.php\/wp-json\/wp\/v2\/media?parent=1376"}],"wp:term":[{"taxonomy":"category","embeddable":true,"href":"http:\/\/www.toldosguaruja.com.br\/site\/index.php\/wp-json\/wp\/v2\/categories?post=1376"},{"taxonomy":"post_tag","embeddable":true,"href":"http:\/\/www.toldosguaruja.com.br\/site\/index.php\/wp-json\/wp\/v2\/tags?post=1376"}],"curies":[{"name":"wp","href":"https:\/\/api.w.org\/{rel}","templated":true}]}}